{"id":41721,"date":"2026-01-20T12:38:00","date_gmt":"2026-01-20T15:38:00","guid":{"rendered":"https:\/\/www.educadoraonline.com.br\/site\/?p=41721"},"modified":"2026-01-20T12:38:00","modified_gmt":"2026-01-20T15:38:00","slug":"administracao-faz-cessao-de-espaco-publico-para-sindicato","status":"publish","type":"post","link":"https:\/\/www.educadoraonline.com.br\/site\/2026\/01\/20\/administracao-faz-cessao-de-espaco-publico-para-sindicato\/","title":{"rendered":"Administra\u00e7\u00e3o faz cess\u00e3o de espa\u00e7o p\u00fablico para Sindicato"},"content":{"rendered":"","protected":false},"excerpt":{"rendered":"","protected":false},"author":3,"featured_media":41722,"comment_status":"closed","ping_status":"closed","sticky":false,"template":"","format":"video","meta":{"footnotes":""},"categories":[2223],"tags":[],"class_list":["post-41721","post","type-post","status-publish","format-video","has-post-thumbnail","hentry","category-fique-sabendo","post_format-post-format-video"],"_links":{"self":[{"href":"https:\/\/www.educadoraonline.com.br\/site\/wp-json\/wp\/v2\/posts\/41721","targetHints":{"allow":["GET"]}}],"collection":[{"href":"https:\/\/www.educadoraonline.com.br\/site\/wp-json\/wp\/v2\/posts"}],"about":[{"href":"https:\/\/www.educadoraonline.com.br\/site\/wp-json\/wp\/v2\/types\/post"}],"author":[{"embeddable":true,"href":"https:\/\/www.educadoraonline.com.br\/site\/wp-json\/wp\/v2\/users\/3"}],"replies":[{"embeddable":true,"href":"https:\/\/www.educadoraonline.com.br\/site\/wp-json\/wp\/v2\/comments?post=41721"}],"version-history":[{"count":1,"href":"https:\/\/www.educadoraonline.com.br\/site\/wp-json\/wp\/v2\/posts\/41721\/revisions"}],"predecessor-version":[{"id":41723,"href":"https:\/\/www.educadoraonline.com.br\/site\/wp-json\/wp\/v2\/posts\/41721\/revisions\/41723"}],"wp:featuredmedia":[{"embeddable":true,"href":"https:\/\/www.educadoraonline.com.br\/site\/wp-json\/wp\/v2\/media\/41722"}],"wp:attachment":[{"href":"https:\/\/www.educadoraonline.com.br\/site\/wp-json\/wp\/v2\/media?parent=41721"}],"wp:term":[{"taxonomy":"category","embeddable":true,"href":"https:\/\/www.educadoraonline.com.br\/site\/wp-json\/wp\/v2\/categories?post=41721"},{"taxonomy":"post_tag","embeddable":true,"href":"https:\/\/www.educadoraonline.com.br\/site\/wp-json\/wp\/v2\/tags?post=41721"}],"curies":[{"name":"wp","href":"https:\/\/api.w.org\/{rel}","templated":true}]}}