{"id":41598,"date":"2026-01-09T17:55:45","date_gmt":"2026-01-09T20:55:45","guid":{"rendered":"https:\/\/www.educadoraonline.com.br\/site\/?p=41598"},"modified":"2026-01-09T17:55:45","modified_gmt":"2026-01-09T20:55:45","slug":"acoes-do-poder-publico-municipal-2","status":"publish","type":"post","link":"https:\/\/www.educadoraonline.com.br\/site\/2026\/01\/09\/acoes-do-poder-publico-municipal-2\/","title":{"rendered":"A\u00e7\u00f5es do poder p\u00fablico municipal"},"content":{"rendered":"","protected":false},"excerpt":{"rendered":"","protected":false},"author":3,"featured_media":41599,"comment_status":"closed","ping_status":"closed","sticky":false,"template":"","format":"video","meta":{"footnotes":""},"categories":[2225],"tags":[],"class_list":["post-41598","post","type-post","status-publish","format-video","has-post-thumbnail","hentry","category-educadora-entrevista","post_format-post-format-video"],"_links":{"self":[{"href":"https:\/\/www.educadoraonline.com.br\/site\/wp-json\/wp\/v2\/posts\/41598","targetHints":{"allow":["GET"]}}],"collection":[{"href":"https:\/\/www.educadoraonline.com.br\/site\/wp-json\/wp\/v2\/posts"}],"about":[{"href":"https:\/\/www.educadoraonline.com.br\/site\/wp-json\/wp\/v2\/types\/post"}],"author":[{"embeddable":true,"href":"https:\/\/www.educadoraonline.com.br\/site\/wp-json\/wp\/v2\/users\/3"}],"replies":[{"embeddable":true,"href":"https:\/\/www.educadoraonline.com.br\/site\/wp-json\/wp\/v2\/comments?post=41598"}],"version-history":[{"count":1,"href":"https:\/\/www.educadoraonline.com.br\/site\/wp-json\/wp\/v2\/posts\/41598\/revisions"}],"predecessor-version":[{"id":41600,"href":"https:\/\/www.educadoraonline.com.br\/site\/wp-json\/wp\/v2\/posts\/41598\/revisions\/41600"}],"wp:featuredmedia":[{"embeddable":true,"href":"https:\/\/www.educadoraonline.com.br\/site\/wp-json\/wp\/v2\/media\/41599"}],"wp:attachment":[{"href":"https:\/\/www.educadoraonline.com.br\/site\/wp-json\/wp\/v2\/media?parent=41598"}],"wp:term":[{"taxonomy":"category","embeddable":true,"href":"https:\/\/www.educadoraonline.com.br\/site\/wp-json\/wp\/v2\/categories?post=41598"},{"taxonomy":"post_tag","embeddable":true,"href":"https:\/\/www.educadoraonline.com.br\/site\/wp-json\/wp\/v2\/tags?post=41598"}],"curies":[{"name":"wp","href":"https:\/\/api.w.org\/{rel}","templated":true}]}}