{"id":41349,"date":"2025-12-15T12:36:37","date_gmt":"2025-12-15T15:36:37","guid":{"rendered":"https:\/\/www.educadoraonline.com.br\/site\/?p=41349"},"modified":"2025-12-15T12:36:37","modified_gmt":"2025-12-15T15:36:37","slug":"associacao-folclorica-convida-para-evento-cultural-nesta-segunda-feira","status":"publish","type":"post","link":"https:\/\/www.educadoraonline.com.br\/site\/2025\/12\/15\/associacao-folclorica-convida-para-evento-cultural-nesta-segunda-feira\/","title":{"rendered":"Associa\u00e7\u00e3o Folcl\u00f3rica convida para evento cultural nesta segunda-feira."},"content":{"rendered":"","protected":false},"excerpt":{"rendered":"","protected":false},"author":3,"featured_media":41350,"comment_status":"closed","ping_status":"closed","sticky":false,"template":"","format":"video","meta":{"footnotes":""},"categories":[2223],"tags":[],"class_list":["post-41349","post","type-post","status-publish","format-video","has-post-thumbnail","hentry","category-fique-sabendo","post_format-post-format-video"],"_links":{"self":[{"href":"https:\/\/www.educadoraonline.com.br\/site\/wp-json\/wp\/v2\/posts\/41349","targetHints":{"allow":["GET"]}}],"collection":[{"href":"https:\/\/www.educadoraonline.com.br\/site\/wp-json\/wp\/v2\/posts"}],"about":[{"href":"https:\/\/www.educadoraonline.com.br\/site\/wp-json\/wp\/v2\/types\/post"}],"author":[{"embeddable":true,"href":"https:\/\/www.educadoraonline.com.br\/site\/wp-json\/wp\/v2\/users\/3"}],"replies":[{"embeddable":true,"href":"https:\/\/www.educadoraonline.com.br\/site\/wp-json\/wp\/v2\/comments?post=41349"}],"version-history":[{"count":1,"href":"https:\/\/www.educadoraonline.com.br\/site\/wp-json\/wp\/v2\/posts\/41349\/revisions"}],"predecessor-version":[{"id":41351,"href":"https:\/\/www.educadoraonline.com.br\/site\/wp-json\/wp\/v2\/posts\/41349\/revisions\/41351"}],"wp:featuredmedia":[{"embeddable":true,"href":"https:\/\/www.educadoraonline.com.br\/site\/wp-json\/wp\/v2\/media\/41350"}],"wp:attachment":[{"href":"https:\/\/www.educadoraonline.com.br\/site\/wp-json\/wp\/v2\/media?parent=41349"}],"wp:term":[{"taxonomy":"category","embeddable":true,"href":"https:\/\/www.educadoraonline.com.br\/site\/wp-json\/wp\/v2\/categories?post=41349"},{"taxonomy":"post_tag","embeddable":true,"href":"https:\/\/www.educadoraonline.com.br\/site\/wp-json\/wp\/v2\/tags?post=41349"}],"curies":[{"name":"wp","href":"https:\/\/api.w.org\/{rel}","templated":true}]}}