{"id":38788,"date":"2025-05-23T12:47:34","date_gmt":"2025-05-23T15:47:34","guid":{"rendered":"https:\/\/www.educadoraonline.com.br\/site\/?p=38788"},"modified":"2025-05-23T12:47:34","modified_gmt":"2025-05-23T15:47:34","slug":"acao-ao-combate-a-dengue-sera-nesta-segunda-feira","status":"publish","type":"post","link":"https:\/\/www.educadoraonline.com.br\/site\/2025\/05\/23\/acao-ao-combate-a-dengue-sera-nesta-segunda-feira\/","title":{"rendered":"A\u00e7\u00e3o ao combate \u00e0 dengue ser\u00e1 nesta segunda-feira."},"content":{"rendered":"","protected":false},"excerpt":{"rendered":"","protected":false},"author":3,"featured_media":38789,"comment_status":"closed","ping_status":"closed","sticky":false,"template":"","format":"video","meta":{"footnotes":""},"categories":[2224],"tags":[],"class_list":["post-38788","post","type-post","status-publish","format-video","has-post-thumbnail","hentry","category-cidade-na-tv","post_format-post-format-video"],"_links":{"self":[{"href":"https:\/\/www.educadoraonline.com.br\/site\/wp-json\/wp\/v2\/posts\/38788","targetHints":{"allow":["GET"]}}],"collection":[{"href":"https:\/\/www.educadoraonline.com.br\/site\/wp-json\/wp\/v2\/posts"}],"about":[{"href":"https:\/\/www.educadoraonline.com.br\/site\/wp-json\/wp\/v2\/types\/post"}],"author":[{"embeddable":true,"href":"https:\/\/www.educadoraonline.com.br\/site\/wp-json\/wp\/v2\/users\/3"}],"replies":[{"embeddable":true,"href":"https:\/\/www.educadoraonline.com.br\/site\/wp-json\/wp\/v2\/comments?post=38788"}],"version-history":[{"count":1,"href":"https:\/\/www.educadoraonline.com.br\/site\/wp-json\/wp\/v2\/posts\/38788\/revisions"}],"predecessor-version":[{"id":38790,"href":"https:\/\/www.educadoraonline.com.br\/site\/wp-json\/wp\/v2\/posts\/38788\/revisions\/38790"}],"wp:featuredmedia":[{"embeddable":true,"href":"https:\/\/www.educadoraonline.com.br\/site\/wp-json\/wp\/v2\/media\/38789"}],"wp:attachment":[{"href":"https:\/\/www.educadoraonline.com.br\/site\/wp-json\/wp\/v2\/media?parent=38788"}],"wp:term":[{"taxonomy":"category","embeddable":true,"href":"https:\/\/www.educadoraonline.com.br\/site\/wp-json\/wp\/v2\/categories?post=38788"},{"taxonomy":"post_tag","embeddable":true,"href":"https:\/\/www.educadoraonline.com.br\/site\/wp-json\/wp\/v2\/tags?post=38788"}],"curies":[{"name":"wp","href":"https:\/\/api.w.org\/{rel}","templated":true}]}}