{"id":35368,"date":"2024-08-07T13:26:57","date_gmt":"2024-08-07T16:26:57","guid":{"rendered":"https:\/\/www.educadoraonline.com.br\/site\/?p=35368"},"modified":"2024-08-07T13:27:29","modified_gmt":"2024-08-07T16:27:29","slug":"vacinacao-esta-em-baixa-em-batatais-sp","status":"publish","type":"post","link":"https:\/\/www.educadoraonline.com.br\/site\/2024\/08\/07\/vacinacao-esta-em-baixa-em-batatais-sp\/","title":{"rendered":"Vacina\u00e7\u00e3o est\u00e1 em baixa"},"content":{"rendered":"","protected":false},"excerpt":{"rendered":"","protected":false},"author":3,"featured_media":35369,"comment_status":"closed","ping_status":"closed","sticky":false,"template":"","format":"video","meta":{"footnotes":""},"categories":[2224],"tags":[],"class_list":["post-35368","post","type-post","status-publish","format-video","has-post-thumbnail","hentry","category-cidade-na-tv","post_format-post-format-video"],"_links":{"self":[{"href":"https:\/\/www.educadoraonline.com.br\/site\/wp-json\/wp\/v2\/posts\/35368","targetHints":{"allow":["GET"]}}],"collection":[{"href":"https:\/\/www.educadoraonline.com.br\/site\/wp-json\/wp\/v2\/posts"}],"about":[{"href":"https:\/\/www.educadoraonline.com.br\/site\/wp-json\/wp\/v2\/types\/post"}],"author":[{"embeddable":true,"href":"https:\/\/www.educadoraonline.com.br\/site\/wp-json\/wp\/v2\/users\/3"}],"replies":[{"embeddable":true,"href":"https:\/\/www.educadoraonline.com.br\/site\/wp-json\/wp\/v2\/comments?post=35368"}],"version-history":[{"count":2,"href":"https:\/\/www.educadoraonline.com.br\/site\/wp-json\/wp\/v2\/posts\/35368\/revisions"}],"predecessor-version":[{"id":35371,"href":"https:\/\/www.educadoraonline.com.br\/site\/wp-json\/wp\/v2\/posts\/35368\/revisions\/35371"}],"wp:featuredmedia":[{"embeddable":true,"href":"https:\/\/www.educadoraonline.com.br\/site\/wp-json\/wp\/v2\/media\/35369"}],"wp:attachment":[{"href":"https:\/\/www.educadoraonline.com.br\/site\/wp-json\/wp\/v2\/media?parent=35368"}],"wp:term":[{"taxonomy":"category","embeddable":true,"href":"https:\/\/www.educadoraonline.com.br\/site\/wp-json\/wp\/v2\/categories?post=35368"},{"taxonomy":"post_tag","embeddable":true,"href":"https:\/\/www.educadoraonline.com.br\/site\/wp-json\/wp\/v2\/tags?post=35368"}],"curies":[{"name":"wp","href":"https:\/\/api.w.org\/{rel}","templated":true}]}}