{"id":35326,"date":"2024-08-02T11:48:37","date_gmt":"2024-08-02T14:48:37","guid":{"rendered":"https:\/\/www.educadoraonline.com.br\/site\/?p=35326"},"modified":"2024-08-02T11:48:37","modified_gmt":"2024-08-02T14:48:37","slug":"tradicional-comemoracao-sera-neste-sabado","status":"publish","type":"post","link":"https:\/\/www.educadoraonline.com.br\/site\/2024\/08\/02\/tradicional-comemoracao-sera-neste-sabado\/","title":{"rendered":"Tradicional comemora\u00e7\u00e3o ser\u00e1 neste s\u00e1bado"},"content":{"rendered":"","protected":false},"excerpt":{"rendered":"","protected":false},"author":3,"featured_media":35327,"comment_status":"closed","ping_status":"closed","sticky":false,"template":"","format":"video","meta":{"footnotes":""},"categories":[2225],"tags":[],"class_list":["post-35326","post","type-post","status-publish","format-video","has-post-thumbnail","hentry","category-educadora-entrevista","post_format-post-format-video"],"_links":{"self":[{"href":"https:\/\/www.educadoraonline.com.br\/site\/wp-json\/wp\/v2\/posts\/35326","targetHints":{"allow":["GET"]}}],"collection":[{"href":"https:\/\/www.educadoraonline.com.br\/site\/wp-json\/wp\/v2\/posts"}],"about":[{"href":"https:\/\/www.educadoraonline.com.br\/site\/wp-json\/wp\/v2\/types\/post"}],"author":[{"embeddable":true,"href":"https:\/\/www.educadoraonline.com.br\/site\/wp-json\/wp\/v2\/users\/3"}],"replies":[{"embeddable":true,"href":"https:\/\/www.educadoraonline.com.br\/site\/wp-json\/wp\/v2\/comments?post=35326"}],"version-history":[{"count":1,"href":"https:\/\/www.educadoraonline.com.br\/site\/wp-json\/wp\/v2\/posts\/35326\/revisions"}],"predecessor-version":[{"id":35328,"href":"https:\/\/www.educadoraonline.com.br\/site\/wp-json\/wp\/v2\/posts\/35326\/revisions\/35328"}],"wp:featuredmedia":[{"embeddable":true,"href":"https:\/\/www.educadoraonline.com.br\/site\/wp-json\/wp\/v2\/media\/35327"}],"wp:attachment":[{"href":"https:\/\/www.educadoraonline.com.br\/site\/wp-json\/wp\/v2\/media?parent=35326"}],"wp:term":[{"taxonomy":"category","embeddable":true,"href":"https:\/\/www.educadoraonline.com.br\/site\/wp-json\/wp\/v2\/categories?post=35326"},{"taxonomy":"post_tag","embeddable":true,"href":"https:\/\/www.educadoraonline.com.br\/site\/wp-json\/wp\/v2\/tags?post=35326"}],"curies":[{"name":"wp","href":"https:\/\/api.w.org\/{rel}","templated":true}]}}