{"id":35311,"date":"2024-08-01T10:38:19","date_gmt":"2024-08-01T13:38:19","guid":{"rendered":"https:\/\/www.educadoraonline.com.br\/site\/?p=35311"},"modified":"2024-08-01T10:38:19","modified_gmt":"2024-08-01T13:38:19","slug":"acoes-de-cultura-e-preservacao-ambiental","status":"publish","type":"post","link":"https:\/\/www.educadoraonline.com.br\/site\/2024\/08\/01\/acoes-de-cultura-e-preservacao-ambiental\/","title":{"rendered":"A\u00e7\u00f5es de cultura e preserva\u00e7\u00e3o ambiental"},"content":{"rendered":"","protected":false},"excerpt":{"rendered":"","protected":false},"author":3,"featured_media":35312,"comment_status":"closed","ping_status":"closed","sticky":false,"template":"","format":"video","meta":{"footnotes":""},"categories":[2225],"tags":[],"class_list":["post-35311","post","type-post","status-publish","format-video","has-post-thumbnail","hentry","category-educadora-entrevista","post_format-post-format-video"],"_links":{"self":[{"href":"https:\/\/www.educadoraonline.com.br\/site\/wp-json\/wp\/v2\/posts\/35311","targetHints":{"allow":["GET"]}}],"collection":[{"href":"https:\/\/www.educadoraonline.com.br\/site\/wp-json\/wp\/v2\/posts"}],"about":[{"href":"https:\/\/www.educadoraonline.com.br\/site\/wp-json\/wp\/v2\/types\/post"}],"author":[{"embeddable":true,"href":"https:\/\/www.educadoraonline.com.br\/site\/wp-json\/wp\/v2\/users\/3"}],"replies":[{"embeddable":true,"href":"https:\/\/www.educadoraonline.com.br\/site\/wp-json\/wp\/v2\/comments?post=35311"}],"version-history":[{"count":1,"href":"https:\/\/www.educadoraonline.com.br\/site\/wp-json\/wp\/v2\/posts\/35311\/revisions"}],"predecessor-version":[{"id":35313,"href":"https:\/\/www.educadoraonline.com.br\/site\/wp-json\/wp\/v2\/posts\/35311\/revisions\/35313"}],"wp:featuredmedia":[{"embeddable":true,"href":"https:\/\/www.educadoraonline.com.br\/site\/wp-json\/wp\/v2\/media\/35312"}],"wp:attachment":[{"href":"https:\/\/www.educadoraonline.com.br\/site\/wp-json\/wp\/v2\/media?parent=35311"}],"wp:term":[{"taxonomy":"category","embeddable":true,"href":"https:\/\/www.educadoraonline.com.br\/site\/wp-json\/wp\/v2\/categories?post=35311"},{"taxonomy":"post_tag","embeddable":true,"href":"https:\/\/www.educadoraonline.com.br\/site\/wp-json\/wp\/v2\/tags?post=35311"}],"curies":[{"name":"wp","href":"https:\/\/api.w.org\/{rel}","templated":true}]}}