{"id":33696,"date":"2024-03-25T12:10:26","date_gmt":"2024-03-25T15:10:26","guid":{"rendered":"https:\/\/www.educadoraonline.com.br\/site\/?p=33696"},"modified":"2024-03-25T12:10:26","modified_gmt":"2024-03-25T15:10:26","slug":"movimentacoes-politicas-pre-eleitoral","status":"publish","type":"post","link":"https:\/\/www.educadoraonline.com.br\/site\/2024\/03\/25\/movimentacoes-politicas-pre-eleitoral\/","title":{"rendered":"Movimenta\u00e7\u00f5es pol\u00edticas pr\u00e9-eleitoral"},"content":{"rendered":"","protected":false},"excerpt":{"rendered":"","protected":false},"author":3,"featured_media":33697,"comment_status":"closed","ping_status":"closed","sticky":false,"template":"","format":"video","meta":{"footnotes":""},"categories":[2226],"tags":[],"class_list":["post-33696","post","type-post","status-publish","format-video","has-post-thumbnail","hentry","category-cenario-politico","post_format-post-format-video"],"_links":{"self":[{"href":"https:\/\/www.educadoraonline.com.br\/site\/wp-json\/wp\/v2\/posts\/33696","targetHints":{"allow":["GET"]}}],"collection":[{"href":"https:\/\/www.educadoraonline.com.br\/site\/wp-json\/wp\/v2\/posts"}],"about":[{"href":"https:\/\/www.educadoraonline.com.br\/site\/wp-json\/wp\/v2\/types\/post"}],"author":[{"embeddable":true,"href":"https:\/\/www.educadoraonline.com.br\/site\/wp-json\/wp\/v2\/users\/3"}],"replies":[{"embeddable":true,"href":"https:\/\/www.educadoraonline.com.br\/site\/wp-json\/wp\/v2\/comments?post=33696"}],"version-history":[{"count":1,"href":"https:\/\/www.educadoraonline.com.br\/site\/wp-json\/wp\/v2\/posts\/33696\/revisions"}],"predecessor-version":[{"id":33698,"href":"https:\/\/www.educadoraonline.com.br\/site\/wp-json\/wp\/v2\/posts\/33696\/revisions\/33698"}],"wp:featuredmedia":[{"embeddable":true,"href":"https:\/\/www.educadoraonline.com.br\/site\/wp-json\/wp\/v2\/media\/33697"}],"wp:attachment":[{"href":"https:\/\/www.educadoraonline.com.br\/site\/wp-json\/wp\/v2\/media?parent=33696"}],"wp:term":[{"taxonomy":"category","embeddable":true,"href":"https:\/\/www.educadoraonline.com.br\/site\/wp-json\/wp\/v2\/categories?post=33696"},{"taxonomy":"post_tag","embeddable":true,"href":"https:\/\/www.educadoraonline.com.br\/site\/wp-json\/wp\/v2\/tags?post=33696"}],"curies":[{"name":"wp","href":"https:\/\/api.w.org\/{rel}","templated":true}]}}