{"id":31612,"date":"2023-10-19T13:52:43","date_gmt":"2023-10-19T16:52:43","guid":{"rendered":"https:\/\/www.educadoraonline.com.br\/site\/?p=31612"},"modified":"2023-10-19T13:52:43","modified_gmt":"2023-10-19T16:52:43","slug":"eleicoes-atrasadas-e-aluguel-trazem-polemicas-ao-batatais-fc","status":"publish","type":"post","link":"https:\/\/www.educadoraonline.com.br\/site\/2023\/10\/19\/eleicoes-atrasadas-e-aluguel-trazem-polemicas-ao-batatais-fc\/","title":{"rendered":"Elei\u00e7\u00f5es atrasadas e aluguel trazem pol\u00eamicas ao Batatais FC"},"content":{"rendered":"","protected":false},"excerpt":{"rendered":"","protected":false},"author":3,"featured_media":31613,"comment_status":"closed","ping_status":"closed","sticky":false,"template":"","format":"video","meta":{"footnotes":""},"categories":[2224],"tags":[],"class_list":["post-31612","post","type-post","status-publish","format-video","has-post-thumbnail","hentry","category-cidade-na-tv","post_format-post-format-video"],"_links":{"self":[{"href":"https:\/\/www.educadoraonline.com.br\/site\/wp-json\/wp\/v2\/posts\/31612","targetHints":{"allow":["GET"]}}],"collection":[{"href":"https:\/\/www.educadoraonline.com.br\/site\/wp-json\/wp\/v2\/posts"}],"about":[{"href":"https:\/\/www.educadoraonline.com.br\/site\/wp-json\/wp\/v2\/types\/post"}],"author":[{"embeddable":true,"href":"https:\/\/www.educadoraonline.com.br\/site\/wp-json\/wp\/v2\/users\/3"}],"replies":[{"embeddable":true,"href":"https:\/\/www.educadoraonline.com.br\/site\/wp-json\/wp\/v2\/comments?post=31612"}],"version-history":[{"count":1,"href":"https:\/\/www.educadoraonline.com.br\/site\/wp-json\/wp\/v2\/posts\/31612\/revisions"}],"predecessor-version":[{"id":31614,"href":"https:\/\/www.educadoraonline.com.br\/site\/wp-json\/wp\/v2\/posts\/31612\/revisions\/31614"}],"wp:featuredmedia":[{"embeddable":true,"href":"https:\/\/www.educadoraonline.com.br\/site\/wp-json\/wp\/v2\/media\/31613"}],"wp:attachment":[{"href":"https:\/\/www.educadoraonline.com.br\/site\/wp-json\/wp\/v2\/media?parent=31612"}],"wp:term":[{"taxonomy":"category","embeddable":true,"href":"https:\/\/www.educadoraonline.com.br\/site\/wp-json\/wp\/v2\/categories?post=31612"},{"taxonomy":"post_tag","embeddable":true,"href":"https:\/\/www.educadoraonline.com.br\/site\/wp-json\/wp\/v2\/tags?post=31612"}],"curies":[{"name":"wp","href":"https:\/\/api.w.org\/{rel}","templated":true}]}}