{"id":31330,"date":"2023-09-22T12:02:31","date_gmt":"2023-09-22T15:02:31","guid":{"rendered":"https:\/\/www.educadoraonline.com.br\/site\/?p=31330"},"modified":"2023-09-22T12:02:31","modified_gmt":"2023-09-22T15:02:31","slug":"prevencao-do-suicidio","status":"publish","type":"post","link":"https:\/\/www.educadoraonline.com.br\/site\/2023\/09\/22\/prevencao-do-suicidio\/","title":{"rendered":"Preven\u00e7\u00e3o do Suic\u00eddio"},"content":{"rendered":"","protected":false},"excerpt":{"rendered":"","protected":false},"author":3,"featured_media":31331,"comment_status":"closed","ping_status":"closed","sticky":false,"template":"","format":"video","meta":{"footnotes":""},"categories":[2225],"tags":[],"class_list":["post-31330","post","type-post","status-publish","format-video","has-post-thumbnail","hentry","category-educadora-entrevista","post_format-post-format-video"],"_links":{"self":[{"href":"https:\/\/www.educadoraonline.com.br\/site\/wp-json\/wp\/v2\/posts\/31330","targetHints":{"allow":["GET"]}}],"collection":[{"href":"https:\/\/www.educadoraonline.com.br\/site\/wp-json\/wp\/v2\/posts"}],"about":[{"href":"https:\/\/www.educadoraonline.com.br\/site\/wp-json\/wp\/v2\/types\/post"}],"author":[{"embeddable":true,"href":"https:\/\/www.educadoraonline.com.br\/site\/wp-json\/wp\/v2\/users\/3"}],"replies":[{"embeddable":true,"href":"https:\/\/www.educadoraonline.com.br\/site\/wp-json\/wp\/v2\/comments?post=31330"}],"version-history":[{"count":1,"href":"https:\/\/www.educadoraonline.com.br\/site\/wp-json\/wp\/v2\/posts\/31330\/revisions"}],"predecessor-version":[{"id":31332,"href":"https:\/\/www.educadoraonline.com.br\/site\/wp-json\/wp\/v2\/posts\/31330\/revisions\/31332"}],"wp:featuredmedia":[{"embeddable":true,"href":"https:\/\/www.educadoraonline.com.br\/site\/wp-json\/wp\/v2\/media\/31331"}],"wp:attachment":[{"href":"https:\/\/www.educadoraonline.com.br\/site\/wp-json\/wp\/v2\/media?parent=31330"}],"wp:term":[{"taxonomy":"category","embeddable":true,"href":"https:\/\/www.educadoraonline.com.br\/site\/wp-json\/wp\/v2\/categories?post=31330"},{"taxonomy":"post_tag","embeddable":true,"href":"https:\/\/www.educadoraonline.com.br\/site\/wp-json\/wp\/v2\/tags?post=31330"}],"curies":[{"name":"wp","href":"https:\/\/api.w.org\/{rel}","templated":true}]}}