{"id":31131,"date":"2023-09-05T13:07:48","date_gmt":"2023-09-05T16:07:48","guid":{"rendered":"https:\/\/www.educadoraonline.com.br\/site\/?p=31131"},"modified":"2023-09-05T13:07:48","modified_gmt":"2023-09-05T16:07:48","slug":"acoes-do-comam-em-nossa-regiao","status":"publish","type":"post","link":"https:\/\/www.educadoraonline.com.br\/site\/2023\/09\/05\/acoes-do-comam-em-nossa-regiao\/","title":{"rendered":"A\u00e7\u00f5es do COMAM em nossa regi\u00e3o"},"content":{"rendered":"","protected":false},"excerpt":{"rendered":"","protected":false},"author":3,"featured_media":31132,"comment_status":"closed","ping_status":"closed","sticky":false,"template":"","format":"video","meta":{"footnotes":""},"categories":[2225],"tags":[],"class_list":["post-31131","post","type-post","status-publish","format-video","has-post-thumbnail","hentry","category-educadora-entrevista","post_format-post-format-video"],"_links":{"self":[{"href":"https:\/\/www.educadoraonline.com.br\/site\/wp-json\/wp\/v2\/posts\/31131","targetHints":{"allow":["GET"]}}],"collection":[{"href":"https:\/\/www.educadoraonline.com.br\/site\/wp-json\/wp\/v2\/posts"}],"about":[{"href":"https:\/\/www.educadoraonline.com.br\/site\/wp-json\/wp\/v2\/types\/post"}],"author":[{"embeddable":true,"href":"https:\/\/www.educadoraonline.com.br\/site\/wp-json\/wp\/v2\/users\/3"}],"replies":[{"embeddable":true,"href":"https:\/\/www.educadoraonline.com.br\/site\/wp-json\/wp\/v2\/comments?post=31131"}],"version-history":[{"count":1,"href":"https:\/\/www.educadoraonline.com.br\/site\/wp-json\/wp\/v2\/posts\/31131\/revisions"}],"predecessor-version":[{"id":31133,"href":"https:\/\/www.educadoraonline.com.br\/site\/wp-json\/wp\/v2\/posts\/31131\/revisions\/31133"}],"wp:featuredmedia":[{"embeddable":true,"href":"https:\/\/www.educadoraonline.com.br\/site\/wp-json\/wp\/v2\/media\/31132"}],"wp:attachment":[{"href":"https:\/\/www.educadoraonline.com.br\/site\/wp-json\/wp\/v2\/media?parent=31131"}],"wp:term":[{"taxonomy":"category","embeddable":true,"href":"https:\/\/www.educadoraonline.com.br\/site\/wp-json\/wp\/v2\/categories?post=31131"},{"taxonomy":"post_tag","embeddable":true,"href":"https:\/\/www.educadoraonline.com.br\/site\/wp-json\/wp\/v2\/tags?post=31131"}],"curies":[{"name":"wp","href":"https:\/\/api.w.org\/{rel}","templated":true}]}}