{"id":30518,"date":"2023-07-17T13:02:27","date_gmt":"2023-07-17T16:02:27","guid":{"rendered":"https:\/\/www.educadoraonline.com.br\/site\/?p=30518"},"modified":"2023-07-17T13:02:27","modified_gmt":"2023-07-17T16:02:27","slug":"musica-sertaneja-leva-publico-ao-delirio","status":"publish","type":"post","link":"https:\/\/www.educadoraonline.com.br\/site\/2023\/07\/17\/musica-sertaneja-leva-publico-ao-delirio\/","title":{"rendered":"M\u00fasica sertaneja leva p\u00fablico ao del\u00edrio"},"content":{"rendered":"","protected":false},"excerpt":{"rendered":"","protected":false},"author":3,"featured_media":30519,"comment_status":"open","ping_status":"open","sticky":false,"template":"","format":"video","meta":{"footnotes":""},"categories":[2224],"tags":[],"class_list":["post-30518","post","type-post","status-publish","format-video","has-post-thumbnail","hentry","category-cidade-na-tv","post_format-post-format-video"],"_links":{"self":[{"href":"https:\/\/www.educadoraonline.com.br\/site\/wp-json\/wp\/v2\/posts\/30518","targetHints":{"allow":["GET"]}}],"collection":[{"href":"https:\/\/www.educadoraonline.com.br\/site\/wp-json\/wp\/v2\/posts"}],"about":[{"href":"https:\/\/www.educadoraonline.com.br\/site\/wp-json\/wp\/v2\/types\/post"}],"author":[{"embeddable":true,"href":"https:\/\/www.educadoraonline.com.br\/site\/wp-json\/wp\/v2\/users\/3"}],"replies":[{"embeddable":true,"href":"https:\/\/www.educadoraonline.com.br\/site\/wp-json\/wp\/v2\/comments?post=30518"}],"version-history":[{"count":1,"href":"https:\/\/www.educadoraonline.com.br\/site\/wp-json\/wp\/v2\/posts\/30518\/revisions"}],"predecessor-version":[{"id":30520,"href":"https:\/\/www.educadoraonline.com.br\/site\/wp-json\/wp\/v2\/posts\/30518\/revisions\/30520"}],"wp:featuredmedia":[{"embeddable":true,"href":"https:\/\/www.educadoraonline.com.br\/site\/wp-json\/wp\/v2\/media\/30519"}],"wp:attachment":[{"href":"https:\/\/www.educadoraonline.com.br\/site\/wp-json\/wp\/v2\/media?parent=30518"}],"wp:term":[{"taxonomy":"category","embeddable":true,"href":"https:\/\/www.educadoraonline.com.br\/site\/wp-json\/wp\/v2\/categories?post=30518"},{"taxonomy":"post_tag","embeddable":true,"href":"https:\/\/www.educadoraonline.com.br\/site\/wp-json\/wp\/v2\/tags?post=30518"}],"curies":[{"name":"wp","href":"https:\/\/api.w.org\/{rel}","templated":true}]}}